{"headers": {"id": "ID", "ano": "Ano", "numero": "N\u00famero", "tipo__sigla": "Tipo de Mat\u00e9ria Legislativa/Sigla", "tipo__descricao": "Tipo de Mat\u00e9ria Legislativa/Descri\u00e7\u00e3o", "autoria": "Autorias", "texto_original": "Texto Original", "ementa": "Ementa"}, "results": [{"id": "502", "ano": "2020", "numero": "1", "tipo__sigla": "PDL", "tipo__descricao": "Projeto de Decreto Legislativo", "autoria": "Joaquim Viana de Sousa", "texto_original": "http://sapl.palmeirais.pi.leg.br/media/", "ementa": "Disp\u00f5e sobre a concess\u00e3o de T\u00edtulo Honor\u00edfico de Cidad\u00e3o Palmeiraisense a senhora Maristela Assun\u00e7\u00e3o Leal e d\u00e1 outras provid\u00eancias"}, {"id": "503", "ano": "2020", "numero": "2", "tipo__sigla": "PDL", "tipo__descricao": "Projeto de Decreto Legislativo", "autoria": "", "texto_original": "http://sapl.palmeirais.pi.leg.br/media/sapl/public/materialegislativa/2020/503/projeto_de_decreto_legislativo_no_02.2020_de_06__DBxmWrA.pdf", "ementa": "Disp\u00f5e sobre a concess\u00e3o de T\u00edtulo Honor\u00edfico de Cidad\u00e3o Palmeiraisense senhor Alexandre Rodrigues Carneiro e d\u00e1 outras provid\u00eancias."}, {"id": "504", "ano": "2020", "numero": "3", "tipo__sigla": "PDL", "tipo__descricao": "Projeto de Decreto Legislativo", "autoria": "Quintino Nunes da Silva", "texto_original": "http://sapl.palmeirais.pi.leg.br/media/sapl/public/materialegislativa/2020/504/projeto_de_decreto_legislativo_no_03.2020_de_06__vnT6F8B.pdf", "ementa": "Disp\u00f5e sobre a concess\u00e3o de T\u00edtulo Honor\u00edfico de Cidad\u00e3o Palmeiraisense Emanuel do Bonfim Veloso Filho e d\u00e1 outras provid\u00eancias"}, {"id": "501", "ano": "2020", "numero": "4", "tipo__sigla": "PDL", "tipo__descricao": "Projeto de Decreto Legislativo", "autoria": "", "texto_original": "http://sapl.palmeirais.pi.leg.br/media/sapl/public/materialegislativa/2020/501/projeto_de_decreto_legislativo_no_04.2020_de_13__xtIzcNh.pdf", "ementa": "Disp\u00f5e sobre a concess\u00e3o de T\u00edtulo Honor\u00edfico de Cidad\u00e3 Palmeiraisense a senhora Teresa dos Santos Sousa Britto e d\u00e1 outras provid\u00eancias."}, {"id": "500", "ano": "2020", "numero": "5", "tipo__sigla": "PDL", "tipo__descricao": "Projeto de Decreto Legislativo", "autoria": "Genivaldo da Silva Grangeiro", "texto_original": "http://sapl.palmeirais.pi.leg.br/media/sapl/public/materialegislativa/2020/500/projeto_de_decreto_legislativo_no_05.2020_de_12__wUevteV.pdf", "ementa": "Disp\u00f5e sobre a concess\u00e3o de T\u00edtulo Honor\u00edfico de Cidad\u00e3 Palmeiraisense a senhora Maria do Socorro de Sousa Morais e d\u00e1\r\noutras provid\u00eancias."}, {"id": "505", "ano": "2020", "numero": "6", "tipo__sigla": "PDL", "tipo__descricao": "Projeto de Decreto Legislativo", "autoria": "Rodrigo Eric Pereira Teixeira", "texto_original": "http://sapl.palmeirais.pi.leg.br/media/sapl/public/materialegislativa/2020/505/projeto_de_decreto_legislativo_no_06.2020_de_05__447YCJF.pdf", "ementa": "Disp\u00f5e sobre a concess\u00e3o de T\u00edtulo Honor\u00edfico de Cidad\u00e3o Palmeiraisense ao Senhor Jos\u00e9 Vivaldo da Silva e d\u00e1 outras provid\u00eancias"}, {"id": "506", "ano": "2020", "numero": "7", "tipo__sigla": "PDL", "tipo__descricao": "Projeto de Decreto Legislativo", "autoria": "Genivaldo da Silva Grangeiro, Rodrigo Eric Pereira Teixeira", "texto_original": "http://sapl.palmeirais.pi.leg.br/media/sapl/public/materialegislativa/2020/506/projeto_de_decreto_legislativo_no_07.2020_de_19__T6UxkLw.pdf", "ementa": "Disp\u00f5e sobre a rejei\u00e7\u00e3o do PARECER PR\u00c9VIO DO Tribunal de Contas do Estado do Piau\u00ed sobre \u00e0s Contas de Gest\u00e3o da Prefeitura de Palmeirais-PI, referente ao exerc\u00edcio de 2011, de responsabilidade do Ex-Prefeito, Marcio Soares Teixeira"}, {"id": "481", "ano": "2020", "numero": "1", "tipo__sigla": "PLO", "tipo__descricao": "Projeto de Lei Ordin\u00e1ria", "autoria": "Rodrigo Eric Pereira Teixeira", "texto_original": "http://sapl.palmeirais.pi.leg.br/media/sapl/public/materialegislativa/2020/481/projeto_de_lei_no_01.2020_de_30_de_janeiro_de_2020.pdf", "ementa": "DISP\u00d5E SOBRE A CONTRATA\u00c7\u00c3O POR TEMPO DETERMINADO DE SERVIDORES PARA ATENDER NECESSIDADE TEMPOR\u00c1RIA DE EXCEPCIONAL INTERESSE P\u00daBLICO DO PODER EXECUTIVO NO exerc\u00edcio de 2020, NOS TERMOS DO QUE DISP\u00d5E O INCISO IX DO ARTIGO 37 DA CONSTITUI\u00c7\u00c3O. FEDERAL E D\u00c1 OUTRAS PROVID\u00caNCIAS"}, {"id": "482", "ano": "2020", "numero": "2", "tipo__sigla": "PLO", "tipo__descricao": "Projeto de Lei Ordin\u00e1ria", "autoria": "Reginaldo Soares Veloso Junior", "texto_original": "http://sapl.palmeirais.pi.leg.br/media/sapl/public/materialegislativa/2020/482/projeto_de_lei_no_02.2020.pdf", "ementa": "Disp\u00f5e sobre altera\u00e7\u00e3o dos vencimentos dos profissionais do magist\u00e9rio p\u00fablico municipal de\r\nPalmeirais - PI e d\u00e1 outras provid\u00eancias"}, {"id": "483", "ano": "2020", "numero": "3", "tipo__sigla": "PLO", "tipo__descricao": "Projeto de Lei Ordin\u00e1ria", "autoria": "Rodrigo Eric Pereira Teixeira", "texto_original": "http://sapl.palmeirais.pi.leg.br/media/sapl/public/materialegislativa/2020/483/projeto_de_lei_no_03.2020_de_14_de_fevereiro_de_2020.pdf", "ementa": "D\u00e1 denomina\u00e7\u00e3o de Ponte ENOQUE TEIXEIRA E SILVA \u00e0 ponte da localidade ESPIRITO SANTO sem denomina\u00e7\u00e3o Oficial"}, {"id": "508", "ano": "2020", "numero": "4", "tipo__sigla": "PLO", "tipo__descricao": "Projeto de Lei Ordin\u00e1ria", "autoria": "Genivaldo Cortez de Sousa", "texto_original": "http://sapl.palmeirais.pi.leg.br/media/sapl/public/materialegislativa/2020/508/projeto_de_lei_no_04.2020_de_28_de_fevereiro_de_2020.pdf", "ementa": "D\u00e1 denomina\u00e7\u00e3o de JOS\u00c9 CAMPELO DA FONSECA ao Posto de Sa\u00fade do povoado S\u00e3o Joaquim sem denomina\u00e7\u00e3o Oficial."}, {"id": "509", "ano": "2020", "numero": "7", "tipo__sigla": "PLO", "tipo__descricao": "Projeto de Lei Ordin\u00e1ria", "autoria": "Reginaldo Soares Veloso Junior", "texto_original": "http://sapl.palmeirais.pi.leg.br/media/sapl/public/materialegislativa/2020/509/projeto_de_lei_no_07-2020.pdf", "ementa": "Autoriza o Poder Executivo Municipal a abrir Cr\u00e9dito Adicional Especial no or\u00e7amento vigente, no valor de R$ 26.000,00 (vinte e seis mil reais), e a criar um programa de trabalho para viabilizar\r\na execu\u00e7\u00e3o para o fim a que se destina e d\u00e1 outras provid\u00eancias."}, {"id": "512", "ano": "2020", "numero": "8", "tipo__sigla": "PLO", "tipo__descricao": "Projeto de Lei Ordin\u00e1ria", "autoria": "Reginaldo Soares Veloso Junior", "texto_original": "http://sapl.palmeirais.pi.leg.br/media/sapl/public/materialegislativa/2020/512/projeto_de_lei_no_08_de_28_de_agosto_de_2020_ppa.pdf", "ementa": "Disp\u00f5e sobre a Revis\u00e3o do Plano Plurianual - PPA 2018-2021, do Munic\u00edpio de Palmeirais, Estado do Piau\u00ed, e d\u00e1 outras provid\u00eancias"}, {"id": "513", "ano": "2020", "numero": "9", "tipo__sigla": "PLO", "tipo__descricao": "Projeto de Lei Ordin\u00e1ria", "autoria": "Reginaldo Soares Veloso Junior", "texto_original": "http://sapl.palmeirais.pi.leg.br/media/sapl/public/materialegislativa/2020/513/projeto_de_lei_no_09_de_30_de_agosto_de_2020.pdf", "ementa": "ESTIMA A RECEITA E FIXA A DESPESA DO MUNIC\u00cdPIO DE PALMEIRAIS, ESTADO DO PIAU\u00cd, PARA O EXERC\u00cdCIO FINANCEIRO DE\r\n2021 E D\u00c1 OUTRAS PROVID\u00caNCIAS"}, {"id": "514", "ano": "2020", "numero": "10", "tipo__sigla": "PLO", "tipo__descricao": "Projeto de Lei Ordin\u00e1ria", "autoria": "Genivaldo Grangeiro, Josivaldo Macedo, Rodrigo Teixeira", "texto_original": "http://sapl.palmeirais.pi.leg.br/media/sapl/public/materialegislativa/2020/514/projeto_de_lei_no_10.2020_de_25_setembro_de_2020.pdf", "ementa": "Disp\u00f5e sobre a fixa\u00e7\u00e3o dos subs\u00eddios dos Agentes Pol\u00edticos dos Poderes Executivo e Legislativo do Munic\u00edpio de Palmeirais, para o per\u00edodo de 2021 a 2024 nos termos do Art.29, incisos V e VI, da\r\nConstitui\u00e7\u00e3o Federal, do art.21, par\u00e1grafo \u00fanico da Lei Federal n\u00ba- 101/2000 (LRF), Lei Org\u00e2nica do Munic\u00edpio e d\u00e1 outras provid\u00eancias"}, {"id": "515", "ano": "2020", "numero": "12", "tipo__sigla": "PLO", "tipo__descricao": "Projeto de Lei Ordin\u00e1ria", "autoria": "Joaquim Viana de Sousa", "texto_original": "http://sapl.palmeirais.pi.leg.br/media/sapl/public/materialegislativa/2020/515/projeto_de_lei_no_-12-2020_de_26_de_outubro_de_2020.pdf", "ementa": "Disp\u00f5e sobre a denomina\u00e7\u00e3o de nome de campo de futebol Society e d\u00e1 outras provid\u00eancias"}, {"id": "516", "ano": "2020", "numero": "13", "tipo__sigla": "PLO", "tipo__descricao": "Projeto de Lei Ordin\u00e1ria", "autoria": "Reginaldo Soares Veloso Junior", "texto_original": "http://sapl.palmeirais.pi.leg.br/media/sapl/public/materialegislativa/2020/516/projeto_de_lei_no_13_de_24_de_novembro_de_2020.pdf", "ementa": "Disp\u00f5e sobre a institui\u00e7\u00e3o do Sistema de Avalia\u00e7\u00e3o da Rede Municipal de Ensino de Palmeirais - Prova SAREME"}, {"id": "517", "ano": "2020", "numero": "14", "tipo__sigla": "PLO", "tipo__descricao": "Projeto de Lei Ordin\u00e1ria", "autoria": "Josivaldo Macedo Moura", "texto_original": "http://sapl.palmeirais.pi.leg.br/media/sapl/public/materialegislativa/2020/517/projeto_de_lei_no_14_de_01_de_dezembro_de_2020.pdf", "ementa": "Disp\u00f5e sobre o redu\u00e7\u00e3o de cinquenta por cento (50,0%) do cargo hor\u00e1rio dos servidores municipais que tem sob seus cuidados idosos ou filhos com comprovado necessidade de cuidados especiais"}, {"id": "507", "ano": "2020", "numero": "1", "tipo__sigla": "PRE", "tipo__descricao": "Projeto de Resolu\u00e7\u00e3o", "autoria": "Genivaldo da Silva Grangeiro, Rodrigo Eric Pereira Teixeira", "texto_original": "http://sapl.palmeirais.pi.leg.br/media/sapl/public/materialegislativa/2020/507/projeto_de_resolucao_n-_01.2020_de_29_de_maio_de_2020.pdf", "ementa": "Disp\u00f5e sobre a constitui\u00e7\u00e3o e COMISS\u00c3O ESPECIAL DA SA\u00daDE tempor\u00e1ria nos termos do artigo 53 do REGIMENTO INTERNO e d\u00e1 outras provid\u00eancias."}, {"id": "487", "ano": "2020", "numero": "1", "tipo__sigla": "REQ", "tipo__descricao": "Requerimento", "autoria": "Joaquim Viana de Sousa", "texto_original": "http://sapl.palmeirais.pi.leg.br/media/sapl/public/materialegislativa/2020/487/requerimento_no_01.2020.pdf", "ementa": "Requerer que seja encaminhado expediente ao Exmo. Sr. Prefeito Municipal, solicitando\r\nprovidencias para que seja constru\u00edda uma Galeria na avenida Bel\u00e9m iniciando na Avenida Gon\u00e7alo Barbosa Soares ao Rio Parna\u00edba"}, {"id": "488", "ano": "2020", "numero": "2", "tipo__sigla": "REQ", "tipo__descricao": "Requerimento", "autoria": "", "texto_original": "http://sapl.palmeirais.pi.leg.br/media/sapl/public/materialegislativa/2020/488/requerimento_no_02.2020.pdf", "ementa": "Solicita recupera\u00e7\u00e3o da Rua Abrigo dos Inundados inclusive dando acessos as ruas seguintes."}, {"id": "489", "ano": "2020", "numero": "3", "tipo__sigla": "REQ", "tipo__descricao": "Requerimento", "autoria": "", "texto_original": "http://sapl.palmeirais.pi.leg.br/media/sapl/public/materialegislativa/2020/489/requerimento_no_03.2020.pdf", "ementa": "Requerer que seja encaminhada expediente ao senhor Prefeito Municipal solicitando autoriza\u00e7\u00e3o ao setor competente recomenda\u00e7\u00e3o para a Empresa que faz a Limpeza e Ro\u00e7o das ruas que procurem evitar danos a im\u00f3vel de moradores da cidade e usem prote\u00e7\u00e3o\r\npara evitar transtornos as pessoas que transitam pr\u00f3ximo ao local onde est\u00e3o trabalhando."}, {"id": "490", "ano": "2020", "numero": "4", "tipo__sigla": "REQ", "tipo__descricao": "Requerimento", "autoria": "", "texto_original": "http://sapl.palmeirais.pi.leg.br/media/sapl/public/materialegislativa/2020/490/requerimento_no_04.2020.pdf", "ementa": "Solicita a constru\u00e7\u00e3o de uma Capela no Cemit\u00e9rio Santa Rosa na sede do Munic\u00edpio."}, {"id": "491", "ano": "2020", "numero": "5", "tipo__sigla": "REQ", "tipo__descricao": "Requerimento", "autoria": "", "texto_original": "http://sapl.palmeirais.pi.leg.br/media/sapl/public/materialegislativa/2020/491/requerimento_no_05.2020.pdf", "ementa": "Requerer que seja encaminhado expediente ao Exmo. Sr Prefeito Municipal, solicitando recupera\u00e7\u00e3o das ruas onde foi feira a amplia\u00e7\u00e3o de rede d'\u00e1gua pela a AGESPISA."}, {"id": "492", "ano": "2020", "numero": "6", "tipo__sigla": "REQ", "tipo__descricao": "Requerimento", "autoria": "", "texto_original": "http://sapl.palmeirais.pi.leg.br/media/sapl/public/materialegislativa/2020/492/requerimento_no_06.2020.pdf", "ementa": "Requerer que seja encaminhado expediente ao Exmo. Sr Prefeito Municipal, solicitando provid\u00eancias com vistas a amplia\u00e7\u00e3o dos servi\u00e7os de ilumina\u00e7\u00e3o p\u00fablica do Bairro Boa Vista."}, {"id": "493", "ano": "2020", "numero": "7", "tipo__sigla": "REQ", "tipo__descricao": "Requerimento", "autoria": "", "texto_original": "http://sapl.palmeirais.pi.leg.br/media/sapl/public/materialegislativa/2020/493/requerimento_no_07.2020.pdf", "ementa": "Requerer que seja encaminhada expediente ao senhor Prefeito Municipal solicitando autoriza\u00e7\u00e3o ao setor competente para a recupera\u00e7\u00e3o da estrada vicinal que liga as comunidades DOS ALTOS e BURITI GRANDE"}, {"id": "494", "ano": "2020", "numero": "8", "tipo__sigla": "REQ", "tipo__descricao": "Requerimento", "autoria": "Rodrigo Eric Pereira Teixeira", "texto_original": "http://sapl.palmeirais.pi.leg.br/media/sapl/public/materialegislativa/2020/494/requerimento_no_08.2020.pdf", "ementa": "REQUERER do senhor Prefeito Municipal que seja dado cumprimento a DECIS\u00c3O N\u00ba- 147/20 do Tribunal de Contas do Estado - TCE/PI referente a SESS\u00c3O PLEN\u00c1RIA ORDIN\u00c1RIA N\u00ba- 003 DE 06 DE FEVEREIRO DE 2020 referente a processos seletivos para contrata\u00e7\u00e3o tempor\u00e1ria com c\u00f3pia em anexo. REQUER ainda que seja encaminhado \u00e0 C\u00e2mara Municipal c\u00f3pia dos extratos dos contratos tempor\u00e1rios firmados pela Prefeitura Municipal nos anos de 2017, 2018 e 2019."}, {"id": "499", "ano": "2020", "numero": "9", "tipo__sigla": "REQ", "tipo__descricao": "Requerimento", "autoria": "Rodrigo Eric Pereira Teixeira", "texto_original": "http://sapl.palmeirais.pi.leg.br/media/sapl/public/materialegislativa/2020/499/requerimento_no_09.2020.pdf", "ementa": "requerer do senhor Prefeito Municipal, solicitar recupera\u00e7\u00e3o da estrada vicinal ligando as Comunidades Castelandia, passando pelos povoados Bra\u00e7o I e 11, Cafund\u00f3, Tanque, Espirito Santo, Alto Alegre, Campestre, S\u00e3o Vicente, Serra do Burro at\u00e9 Olho D'agua."}, {"id": "510", "ano": "2020", "numero": "11", "tipo__sigla": "REQ", "tipo__descricao": "Requerimento", "autoria": "Renato de Alc\u00e2ntara", "texto_original": "http://sapl.palmeirais.pi.leg.br/media/sapl/public/materialegislativa/2020/510/requerimento_no_11.2020.pdf", "ementa": "Requerer que seja encaminhado expediente ao exm\u00b0.sr. Prefeito Municipal solicitando do mesmo a instala\u00e7\u00e3o de ilumina\u00e7\u00e3o p\u00fablica nas Comunidades Buritizinho, Prata de Cima e Prata de Baixo em nosso munic\u00edpio."}, {"id": "511", "ano": "2020", "numero": "12", "tipo__sigla": "REQ", "tipo__descricao": "Requerimento", "autoria": "Genivaldo da Silva Grangeiro", "texto_original": "http://sapl.palmeirais.pi.leg.br/media/sapl/public/materialegislativa/2020/511/requerimento_no_12.2020.pdf", "ementa": "Requerer que seja encaminhado expediente ao Exmo. Sr. Marcelo Castro Senador da Rep\u00fablica, solicitando do mesmo emenda IMPOSITIVA OU DE BANCADA, para que seja feito a recupera\u00e7\u00e3o da Rodovia PI-130 Teresina /Palmeirais / Palmeirais- Amarante"}]}