{"headers": {"id": "ID", "ano": "Ano", "numero": "N\u00famero", "tipo__sigla": "Tipo de Mat\u00e9ria Legislativa/Sigla", "tipo__descricao": "Tipo de Mat\u00e9ria Legislativa/Descri\u00e7\u00e3o", "autoria": "Autorias", "texto_original": "Texto Original", "ementa": "Ementa"}, "results": [{"id": "468", "ano": "2019", "numero": "1", "tipo__sigla": "PDL", "tipo__descricao": "Projeto de Decreto Legislativo", "autoria": "Quintino Nunes da Silva", "texto_original": "http://sapl.palmeirais.pi.leg.br/media/sapl/public/materialegislativa/2019/468/projeto_decreto_legislativo_no_01.2019.pdf", "ementa": "Disp\u00f5e sobre a concess\u00e3o de t\u00edtulo honor\u00edfico de cidad\u00e3o e d\u00e1 outras providencias"}, {"id": "484", "ano": "2019", "numero": "2", "tipo__sigla": "PDL", "tipo__descricao": "Projeto de Decreto Legislativo", "autoria": "Rodrigo Eric Pereira Teixeira", "texto_original": "http://sapl.palmeirais.pi.leg.br/media/sapl/public/materialegislativa/2019/484/projeto_de_decreto_legislativo_no_02.2019_de_18__Dokw36x.pdf", "ementa": "Disp\u00f5e sobre a concess\u00e3o de T\u00cdTULO HONOR\u00cdFICO DE CIDAD\u00c3O\r\nPALMEIRAISENSE ao senhor Dayvd Teles Bas\u00edlio e d\u00e1 outras\r\nprovid\u00eancias"}, {"id": "485", "ano": "2019", "numero": "3", "tipo__sigla": "PDL", "tipo__descricao": "Projeto de Decreto Legislativo", "autoria": "Rodrigo Eric Pereira Teixeira", "texto_original": "http://sapl.palmeirais.pi.leg.br/media/sapl/public/materialegislativa/2019/485/projeto_de_decreto_legislativo_no_03.2019_de_18__BEmsy1q.pdf", "ementa": "Disp\u00f5e sobre a concess\u00e3o de T\u00cdTULO HONOR\u00cdFICO DE CIDAD\u00c3O\r\nPALMEIRAlSENSE ao senhor Mois\u00e9s Jos\u00e9 de Sousa Junior e d\u00e1 outras provid\u00eancias."}, {"id": "486", "ano": "2019", "numero": "4", "tipo__sigla": "PDL", "tipo__descricao": "Projeto de Decreto Legislativo", "autoria": "Rodrigo Eric Pereira Teixeira", "texto_original": "http://sapl.palmeirais.pi.leg.br/media/sapl/public/materialegislativa/2019/486/projeto_de_decreto_legislativo_no_04.2019_de_18__4lXdNlO.pdf", "ementa": "Disp\u00f5e sobre a concess\u00e3o de T\u00cdTULO HONOR\u00cdFICO DE CIDAD\u00c3O\r\nPALMEIRAISENSE ao senhor Carlos Alberto Soares e d\u00e1 outras\r\nprovid\u00eancias"}, {"id": "397", "ano": "2019", "numero": "1", "tipo__sigla": "PLO", "tipo__descricao": "Projeto de Lei Ordin\u00e1ria", "autoria": "Reginaldo Soares Veloso Junior", "texto_original": "http://sapl.palmeirais.pi.leg.br/media/sapl/public/materialegislativa/2019/397/projeto_de_lei_no_01-2019_de_13_de_fevereiro_de_2019.pdf", "ementa": "Disp\u00f5e sobre o Sistema \u00danico de Assist\u00eancia Social no Munic\u00edpio de Palmeirais (P/) e d\u00e1 outras provid\u00eancias"}, {"id": "398", "ano": "2019", "numero": "2", "tipo__sigla": "PLO", "tipo__descricao": "Projeto de Lei Ordin\u00e1ria", "autoria": "Reginaldo Soares Veloso Junior", "texto_original": "http://sapl.palmeirais.pi.leg.br/media/sapl/public/materialegislativa/2019/398/projeto_de_lei_no_02-2019_de_13_de_fevereiro_de_2019.pdf", "ementa": "Disp\u00f5e sobre reajuste dos vencimentos dos profissionais do magist\u00e9rio p\u00fablico municipal de Palmeirais-PI e d\u00e1 outras provid\u00eancias."}, {"id": "422", "ano": "2019", "numero": "3", "tipo__sigla": "PLO", "tipo__descricao": "Projeto de Lei Ordin\u00e1ria", "autoria": "Reginaldo Soares Veloso Junior", "texto_original": "http://sapl.palmeirais.pi.leg.br/media/sapl/public/materialegislativa/2019/422/projeto_de_lei_no_03_de_15_de_abril_de_2019.pdf", "ementa": "Disp\u00f5e sobre as Diretrizes para a elabora\u00e7\u00e3o e execu\u00e7\u00e3o da Lei Or\u00e7ament\u00e1ria Anual - LOA para o exerc\u00edcio financeiro de 2020 para a\r\nreformula\u00e7\u00e3o do Plano Plurianual do per\u00edodo 2018 a 2021 e d\u00e1 outras provid\u00eancias"}, {"id": "434", "ano": "2019", "numero": "4", "tipo__sigla": "PLO", "tipo__descricao": "Projeto de Lei Ordin\u00e1ria", "autoria": "Josivaldo Macedo Moura", "texto_original": "http://sapl.palmeirais.pi.leg.br/media/sapl/public/materialegislativa/2019/434/projeto_de_lei_no_04-2019_de_26_de_abril_de_2019.pdf", "ementa": "Disp\u00f5e sobre a institui\u00e7\u00e3o da Campanha Permanente de Prote\u00e7\u00e3o ao NASCITURO e \u00e0s GESTANTES no Munic\u00edpio de Palmeirais, e d\u00e1 outras provid\u00eancias."}, {"id": "435", "ano": "2019", "numero": "5", "tipo__sigla": "PLO", "tipo__descricao": "Projeto de Lei Ordin\u00e1ria", "autoria": "", "texto_original": "http://sapl.palmeirais.pi.leg.br/media/sapl/public/materialegislativa/2019/435/projeto_de_lei_no_05-2019_de_26_de_abril_de_2019.pdf", "ementa": "Disp\u00f5e sobre a institui\u00e7\u00e3o de Programa de Sustentabilidade Ambiental na Rede Municipal de Ensino no \u00e2mbito do Munic\u00edpio de Palmeirais e d\u00e1 outras provid\u00eancias."}, {"id": "436", "ano": "2019", "numero": "6", "tipo__sigla": "PLO", "tipo__descricao": "Projeto de Lei Ordin\u00e1ria", "autoria": "Rodrigo Eric Pereira Teixeira", "texto_original": "http://sapl.palmeirais.pi.leg.br/media/sapl/public/materialegislativa/2019/436/projeto_de_lei_no-_06-2019_de_26_de_abril_de_2019.pdf", "ementa": "Disp\u00f5e, no \u00e2mbito do Munic\u00edpio de Palmeirais, sobre a obrigatoriedade das informa\u00e7\u00f5es que devem ser disponibilizadas nas placas informativas de obras p\u00fablicas, e d\u00e1 outras  provid\u00eancias."}, {"id": "437", "ano": "2019", "numero": "7", "tipo__sigla": "PLO", "tipo__descricao": "Projeto de Lei Ordin\u00e1ria", "autoria": "Genivaldo da Silva Grangeiro", "texto_original": "http://sapl.palmeirais.pi.leg.br/media/sapl/public/materialegislativa/2019/437/projeto_de_lei_no_07-2019_de_26_de_abril_de_2019.pdf", "ementa": "Institui, no Calend\u00e1rio Oficial de Eventos do Munic\u00edpio de Palmeirais, a \"SEMANA MUNICIPAL DE APOIO AO CR\u00c9DITO AOS MICROS E PEQUENOS EMPREENDEDORES DE PALMEIRAIS \" e d\u00e1 outras provid\u00eancias."}, {"id": "438", "ano": "2019", "numero": "8", "tipo__sigla": "PLO", "tipo__descricao": "Projeto de Lei Ordin\u00e1ria", "autoria": "Rodrigo Eric Pereira Teixeira", "texto_original": "http://sapl.palmeirais.pi.leg.br/media/sapl/public/materialegislativa/2019/438/projeto_de_lei_no_08-2019_de_21_de_junho_de_2019.pdf", "ementa": "Disp\u00f5e sobre a proibi\u00e7\u00e3o da cobran\u00e7a de taxa de religa\u00e7\u00e3o de energia el\u00e9trica (CEPISA) e\r\nrestabelecimento do servi\u00e7o de \u00e1gua (AGESPISA) no munic\u00edpio de Palmeirais e da\r\noutras provid\u00eancias."}, {"id": "464", "ano": "2019", "numero": "9", "tipo__sigla": "PLO", "tipo__descricao": "Projeto de Lei Ordin\u00e1ria", "autoria": "Rodrigo Eric Pereira Teixeira", "texto_original": "http://sapl.palmeirais.pi.leg.br/media/sapl/public/materialegislativa/2019/464/projeto_de_lei_no_09.2019_de_20_de_setembro_de_2019.pdf", "ementa": "Disp\u00f5e sobre a divulga\u00e7\u00e3o dos nomes dos ocupantes de cargos em comiss\u00e3o na Prefeitura de Palmeirais e d\u00e1 outras provid\u00eancias"}, {"id": "465", "ano": "2019", "numero": "10", "tipo__sigla": "PLO", "tipo__descricao": "Projeto de Lei Ordin\u00e1ria", "autoria": "Genivaldo da Silva Grangeiro", "texto_original": "http://sapl.palmeirais.pi.leg.br/media/sapl/public/materialegislativa/2019/465/projeto_de_lei_no_10.2019_de_20_de_setembro_de_2019.pdf", "ementa": "Autoriza o Executivo Municipal colocar placas de identifica\u00e7\u00e3o nas ruas, avenidas e outros\r\nlogradouros do per\u00edmetro urbano e d\u00e1 outras provid\u00eancias."}, {"id": "466", "ano": "2019", "numero": "11", "tipo__sigla": "PLO", "tipo__descricao": "Projeto de Lei Ordin\u00e1ria", "autoria": "Reginaldo Soares Veloso Junior", "texto_original": "http://sapl.palmeirais.pi.leg.br/media/sapl/public/materialegislativa/2019/466/projeto_de_lei_no_11.2019_de_23_de_setembro_de_2019.pdf", "ementa": "ESTIMA A RECEITA E FIXA A DESPESA DO MUNIC\u00cdPIO DE PALMEIRAIS, ESTADO DO\r\nPIAU\u00cd, PARA O EXERC\u00cdCIO FINANCEIRO DE 2020 E D\u00c1 OUTRAS PROVID\u00caNCIAS"}, {"id": "467", "ano": "2019", "numero": "12", "tipo__sigla": "PLO", "tipo__descricao": "Projeto de Lei Ordin\u00e1ria", "autoria": "Reginaldo Soares Veloso Junior", "texto_original": "http://sapl.palmeirais.pi.leg.br/media/sapl/public/materialegislativa/2019/467/projeto_de_lei_no_12.2019_de_04_de_outubro_de_2019.pdf", "ementa": "Disp\u00f5e sobre a autoriza\u00e7\u00e3o para abertura de cr\u00e9dito adicional suplementar de 15% e d\u00e1\r\noutras provid\u00eancias"}, {"id": "495", "ano": "2019", "numero": "14", "tipo__sigla": "PLO", "tipo__descricao": "Projeto de Lei Ordin\u00e1ria", "autoria": "Reginaldo Soares Veloso Junior", "texto_original": "http://sapl.palmeirais.pi.leg.br/media/sapl/public/materialegislativa/2019/495/projeto_de_lei_no_14.2019_de_11_de_dezembro_de_2019.pdf", "ementa": "Autoriza o Poder Executivo Municipal a abrir Cr\u00e9dito Adicional Especial no or\u00e7amento vigente, no valor de R$ 629.811,31 (Seiscentos e vinte e nove mil e oitocentos e onze reais e trinta e um centavos), e a criar fonte de recurso em elemento de receita e um programa de trabalho\r\npara viabilizar a execu\u00e7\u00e3o para o fim a que se destina e d\u00e1 outras provid\u00eancias."}, {"id": "496", "ano": "2019", "numero": "15", "tipo__sigla": "PLO", "tipo__descricao": "Projeto de Lei Ordin\u00e1ria", "autoria": "Rodrigo Eric Pereira Teixeira", "texto_original": "http://sapl.palmeirais.pi.leg.br/media/sapl/public/materialegislativa/2019/496/projeto_de_lei_no_15.2019_de_20_de_dezembro_de_2019.pdf", "ementa": "Declara de Utilidade P\u00fablica, para fins de tombamento, o Mercado P\u00fablico Municipal que menciona, visando a sua conserva\u00e7\u00e3o e a sua preserva\u00e7\u00e3o hist\u00f3rica cultural."}, {"id": "497", "ano": "2019", "numero": "16", "tipo__sigla": "PLO", "tipo__descricao": "Projeto de Lei Ordin\u00e1ria", "autoria": "Rodrigo Eric Pereira Teixeira", "texto_original": "http://sapl.palmeirais.pi.leg.br/media/sapl/public/materialegislativa/2019/497/projeto_de_lei_no_16.2019_de_20_de_dezembro_de_2019.pdf", "ementa": "Disp\u00f5e sobre o dia Municipal de Fibromialgia e d\u00e1 outras provid\u00eancias."}, {"id": "498", "ano": "2019", "numero": "17", "tipo__sigla": "PLO", "tipo__descricao": "Projeto de Lei Ordin\u00e1ria", "autoria": "Josivaldo Macedo Moura", "texto_original": "http://sapl.palmeirais.pi.leg.br/media/sapl/public/materialegislativa/2019/498/projeto_de_lei_no_17.2019_de_20_de_dezembro_de_2019.pdf", "ementa": "Disp\u00f5e sobre o ponto facultativo para os Agentes Comunit\u00e1rios de Sa\u00fade - ACS do Munic\u00edpio e d\u00e1 outras provid\u00eancias."}, {"id": "399", "ano": "2019", "numero": "1", "tipo__sigla": "REQ", "tipo__descricao": "Requerimento", "autoria": "Rodrigo Eric Pereira Teixeira", "texto_original": "http://sapl.palmeirais.pi.leg.br/media/sapl/public/materialegislativa/2019/399/requerimento_n-_01.2019.pdf", "ementa": "requerer do senhor Prefeito Municipal a elabora\u00e7\u00e3o de projeto para a implanta\u00e7\u00e3o de sistema de Vigil\u00e2ncia Eletr\u00f4nica na Sede do Munic\u00edpio"}, {"id": "400", "ano": "2019", "numero": "2", "tipo__sigla": "REQ", "tipo__descricao": "Requerimento", "autoria": "Genivaldo da Silva Grangeiro", "texto_original": "http://sapl.palmeirais.pi.leg.br/media/sapl/public/materialegislativa/2019/400/requerimento_n-_02.2019.pdf", "ementa": "Vem na forma Regimental e depois de ouvido o Plen\u00e1rio, requerer que seja encaminhado expediente ao Exmo. Senhor Prefeito Municipal, solicitado a RECUPERA\u00c7\u00c3O da Estrada Vicinal que liga as comunidades MORROS I RIACHO DOS NEGROS"}, {"id": "401", "ano": "2019", "numero": "3", "tipo__sigla": "REQ", "tipo__descricao": "Requerimento", "autoria": "Rodrigo Eric Pereira Teixeira", "texto_original": "http://sapl.palmeirais.pi.leg.br/media/sapl/public/materialegislativa/2019/401/requerimento_n-_03.2019.pdf", "ementa": "requerer do senhor Prefeito Municipal, solicitar Teste Seletivo para educa\u00e7\u00e3o para contrata\u00e7\u00e3o tempor\u00e1ria de Professores"}, {"id": "402", "ano": "2019", "numero": "4", "tipo__sigla": "REQ", "tipo__descricao": "Requerimento", "autoria": "Genivaldo da Silva Grangeiro", "texto_original": "http://sapl.palmeirais.pi.leg.br/media/sapl/public/materialegislativa/2019/402/requerimento_n-_04.2019.pdf", "ementa": "requerer que seja encaminhado expediente ao Exmo. Sr. Prefeito Municipal, solicitando providencias para que seja constru\u00eddo muro no cemit\u00e9rio do Povoado Tranqueira neste munic\u00edpio"}, {"id": "403", "ano": "2019", "numero": "5", "tipo__sigla": "REQ", "tipo__descricao": "Requerimento", "autoria": "Rodrigo Eric Pereira Teixeira", "texto_original": "http://sapl.palmeirais.pi.leg.br/media/sapl/public/materialegislativa/2019/403/requerimento_n-_05.2019.pdf", "ementa": "requerer a convoca\u00e7\u00e3o da Secret\u00e1ria Municipal de Educa\u00e7\u00e3o para discuss\u00e3o do Processo\r\nde nuclea\u00e7\u00e3o de Unidades de Ensino da Rede Municipal no Plen\u00e1rio da C\u00e2mara Municipal"}, {"id": "404", "ano": "2019", "numero": "6", "tipo__sigla": "REQ", "tipo__descricao": "Requerimento", "autoria": "", "texto_original": "http://sapl.palmeirais.pi.leg.br/media/sapl/public/materialegislativa/2019/404/requerimento_n-_06.2019.pdf", "ementa": "Requerer que seja encaminhada expediente a sua Excel\u00eancia o presidente do Tribunal de Justi\u00e7a do Estado do Piau\u00ed (TJ-PI), desembargador Sebasti\u00e3o Ribeiro Martins solicitando\r\nencarecidamente que seja evitado a agrega\u00e7\u00e3o de nossa Comarca de Palmeirais a de\r\nAmarante"}, {"id": "405", "ano": "2019", "numero": "7", "tipo__sigla": "REQ", "tipo__descricao": "Requerimento", "autoria": "Rodrigo Eric Pereira Teixeira", "texto_original": "http://sapl.palmeirais.pi.leg.br/media/sapl/public/materialegislativa/2019/405/requerimento_n-_07.2019.pdf", "ementa": "Requerer do senhor Prefeito Municipal a realiza\u00e7\u00e3o de CONCURSO P\u00daBLICO para contrata\u00e7\u00e3o de servidores para o Munic\u00edpio em especial nas \u00e1reas de EDUCA\u00c7\u00c3O e SA\u00daDE"}, {"id": "406", "ano": "2019", "numero": "8", "tipo__sigla": "REQ", "tipo__descricao": "Requerimento", "autoria": "Rodrigo Eric Pereira Teixeira", "texto_original": "http://sapl.palmeirais.pi.leg.br/media/sapl/public/materialegislativa/2019/406/requerimento_n-_08.2019.pdf", "ementa": "Requerer do senhor Diretor do DER em Teresina a recupera\u00e7\u00e3o da Pl-130 trechos TERESINA/PALMEIRAIS e PALMEIRAIS/AMARANTE"}, {"id": "407", "ano": "2019", "numero": "9", "tipo__sigla": "REQ", "tipo__descricao": "Requerimento", "autoria": "Quintino Nunes da Silva", "texto_original": "http://sapl.palmeirais.pi.leg.br/media/sapl/public/materialegislativa/2019/407/requerimento_n-_09.2019.pdf", "ementa": "Requerer que seja encaminhado expediente a Exmo. Senhor Prefeito Municipal, solicitando do mesmo, provid\u00eancias no sentido de que seja autorizado a recupera\u00e7\u00e3o de trechos de estradas vicinais do Munic\u00edpio para facilitar a locomo\u00e7\u00e3o de ve\u00edculos que fazem o\r\nTRANSPORTE ESCOLAR"}, {"id": "408", "ano": "2019", "numero": "10", "tipo__sigla": "REQ", "tipo__descricao": "Requerimento", "autoria": "Rodrigo Eric Pereira Teixeira", "texto_original": "http://sapl.palmeirais.pi.leg.br/media/sapl/public/materialegislativa/2019/408/requerimento_n-_10.2019.pdf", "ementa": "Requerer do senhor Prefeito Municipal autoriza\u00e7\u00e3o junto a Secret\u00e1ria Municipal de Educa\u00e7\u00e3o no sentido de que seja enviado a C\u00e2mara Municipal a rela\u00e7\u00e3o nominal das Unidades de\r\nEnsino em funcionamento neste ano de 2019 na sede do Munic\u00edpio e zona rural, constando ainda a quantidade de alunos e o quadro de pessoal efetivos, comissionados e prestadores de servi\u00e7o"}, {"id": "409", "ano": "2019", "numero": "12", "tipo__sigla": "REQ", "tipo__descricao": "Requerimento", "autoria": "Joaquim Viana de Sousa", "texto_original": "http://sapl.palmeirais.pi.leg.br/media/sapl/public/materialegislativa/2019/409/requerimento_n-_12.2019.pdf", "ementa": "Solicita AUTORIZA\u00c7\u00c3O para a limpeza e instala\u00e7\u00e3o de ilumina\u00e7\u00e3o no campo de futebol\r\ndo povoado S\u00e3o Joaquim"}, {"id": "410", "ano": "2019", "numero": "13", "tipo__sigla": "REQ", "tipo__descricao": "Requerimento", "autoria": "Josivaldo Macedo Moura", "texto_original": "http://sapl.palmeirais.pi.leg.br/media/sapl/public/materialegislativa/2019/410/requerimento_n-_13.2019.pdf", "ementa": "Solicita provid\u00eancias no \u00b7. sentido de que seja CONSTRU\u00cdDO um redutor de velocidade em frente a Unidade Escolar SEBASTI\u00c3O SOARES RIBEIRO na sede do Mun\u00edcipio"}, {"id": "411", "ano": "2019", "numero": "14", "tipo__sigla": "REQ", "tipo__descricao": "Requerimento", "autoria": "Quintino Nunes da Silva", "texto_original": "http://sapl.palmeirais.pi.leg.br/media/sapl/public/materialegislativa/2019/411/requerimento_n-_14.2019.pdf", "ementa": "solicita providencias no sentido de que sejam retiradas todas as gambiarras no povoado Tranqueira neste munic\u00edpio"}, {"id": "412", "ano": "2019", "numero": "15", "tipo__sigla": "REQ", "tipo__descricao": "Requerimento", "autoria": "Quintino Nunes da Silva", "texto_original": "http://sapl.palmeirais.pi.leg.br/media/sapl/public/materialegislativa/2019/412/requerimento_n-_15.2019.pdf", "ementa": "solicita providencias para que seja realizado ro\u00e7o das ruas do povoado Riacho dos Negros neste munic\u00edpio"}, {"id": "413", "ano": "2019", "numero": "16", "tipo__sigla": "REQ", "tipo__descricao": "Requerimento", "autoria": "Genivaldo da Silva Grangeiro", "texto_original": "http://sapl.palmeirais.pi.leg.br/media/sapl/public/materialegislativa/2019/413/requerimento_n-_16.2019.pdf", "ementa": "vem na forma regimental e depois de ouvido o plen\u00e1rio, requerer que seja encaminhado expediente ao senhor Diretor do DER solicitando provid\u00eancias em rela\u00e7\u00e3o a grande quantidade de animais na pista da Pl-130, trechos de Teresina - Palmeirais e Palmeirais - Amarante"}, {"id": "414", "ano": "2019", "numero": "17", "tipo__sigla": "REQ", "tipo__descricao": "Requerimento", "autoria": "Josivaldo Macedo Moura", "texto_original": "http://sapl.palmeirais.pi.leg.br/media/sapl/public/materialegislativa/2019/414/requerimento_n-_17.2019.pdf", "ementa": "solicita providencias no sentido que seja autorizado a RECUPERA\u00c7\u00c3O da Rua Luiz Nunes,\r\nBairro Bacuri nesta cidade."}, {"id": "415", "ano": "2019", "numero": "18", "tipo__sigla": "REQ", "tipo__descricao": "Requerimento", "autoria": "Genivaldo Cortez de Sousa", "texto_original": "http://sapl.palmeirais.pi.leg.br/media/sapl/public/materialegislativa/2019/415/requerimento_n-_18.2019.pdf", "ementa": "solicita provid\u00eancias no sentido de que seja constru\u00eddos na sede do munic\u00edpio nos pontos dos mototaxistas cobertura para acomodar-se os mesmos"}, {"id": "416", "ano": "2019", "numero": "19", "tipo__sigla": "REQ", "tipo__descricao": "Requerimento", "autoria": "Rodrigo Eric Pereira Teixeira", "texto_original": "http://sapl.palmeirais.pi.leg.br/media/sapl/public/materialegislativa/2019/416/requerimento_n-_19.2019.pdf", "ementa": "requerer do senhor Prefeito Municipal a elabora\u00e7\u00e3o de projeto para a implanta\u00e7\u00e3o do Arquivo P\u00fablico Municipal de Palmeirais"}, {"id": "417", "ano": "2019", "numero": "20", "tipo__sigla": "REQ", "tipo__descricao": "Requerimento", "autoria": "Rodrigo Eric Pereira Teixeira", "texto_original": "http://sapl.palmeirais.pi.leg.br/media/sapl/public/materialegislativa/2019/417/requerimento_n-_20.2019.pdf", "ementa": "requerer que seja por notificada a Senhora Secret\u00e1ria Municipal de Educa\u00e7\u00e3o em rela\u00e7\u00e3o a sua convoca\u00e7\u00e3o para comparecer a C\u00e2mara Municipal para prestar informa\u00e7\u00f5es sobre o\r\nprocesso de nuclea\u00e7\u00e3o de Unidades de Ensino da Rede Municipal"}, {"id": "418", "ano": "2019", "numero": "21", "tipo__sigla": "REQ", "tipo__descricao": "Requerimento", "autoria": "Rodrigo Eric Pereira Teixeira", "texto_original": "http://sapl.palmeirais.pi.leg.br/media/sapl/public/materialegislativa/2019/418/requerimento_n-_21.2019.pdf", "ementa": "requerer da Senhora secret\u00e1ria Municipal de Educa\u00e7\u00e3o a rela\u00e7\u00e3o nominal das Unidades de Ensino da Rede Municipal que est\u00e3o FECHADAS e quais as provid\u00eancia\u00b7s adotadas para a\r\nconserva\u00e7\u00e3o das instala\u00e7\u00f5es f\u00edsicas"}, {"id": "419", "ano": "2019", "numero": "22", "tipo__sigla": "REQ", "tipo__descricao": "Requerimento", "autoria": "", "texto_original": "http://sapl.palmeirais.pi.leg.br/media/sapl/public/materialegislativa/2019/419/requerimento_n-_22.2019.pdf", "ementa": "requerer que seja encaminhado expediente ao senhor Coordenador Municipal da Defesa Civil solicitando que o mesmo providencie a elabora\u00e7\u00e3o de um Plano de Emerg\u00eancia para o atendimento a fam\u00edlias que vierem a ser afetadas em raz\u00e3o das fortes chuvas"}, {"id": "420", "ano": "2019", "numero": "23", "tipo__sigla": "REQ", "tipo__descricao": "Requerimento", "autoria": "", "texto_original": "http://sapl.palmeirais.pi.leg.br/media/sapl/public/materialegislativa/2019/420/requerimento_n-_23.2019.pdf", "ementa": "solicita provid\u00eancias no sentido de que seja autorizado a verifica\u00e7\u00e3o dos servi\u00e7os de TRANSPORTE ESCOLAR em nosso Munic\u00edpio com a regulariza\u00e7\u00e3o em localidades que\r\nn\u00e3o est\u00e3o sendo atendidas de forma regular"}, {"id": "421", "ano": "2019", "numero": "24", "tipo__sigla": "REQ", "tipo__descricao": "Requerimento", "autoria": "Ver. Danny Almeida", "texto_original": "http://sapl.palmeirais.pi.leg.br/media/sapl/public/materialegislativa/2019/421/requerimento_n-_24.2019.pdf", "ementa": "requerer que seja encaminhado expediente ao Excelent\u00edssimo Senhor Fl\u00e1vio Nogueira Deputado Federal, solicitando do mesmo para que apresente no Plen\u00e1rio da C\u00e2mara Federal requerimento solicitando da empresa de telefonia m\u00f3veis Claro S/ A, cobertura para o povoado Riacho dos Negros e adjac\u00eancias no munic\u00edpio de palmeirais Piau\u00ed"}, {"id": "423", "ano": "2019", "numero": "25", "tipo__sigla": "REQ", "tipo__descricao": "Requerimento", "autoria": "Rodrigo Eric Pereira Teixeira", "texto_original": "http://sapl.palmeirais.pi.leg.br/media/sapl/public/materialegislativa/2019/423/requerimento_n-_25.2019.pdf", "ementa": "Solicitar do Tribunal de Contas do Estado- TCE, uma verifica\u00e7\u00e3o nas contrata\u00e7\u00f5es feitas pela Prefeitura Municipal sem a realiza\u00e7\u00e3o processo seletivo em especial nas \u00e1reas da Educa\u00e7\u00e3o e da Sa\u00fade"}, {"id": "424", "ano": "2019", "numero": "26", "tipo__sigla": "REQ", "tipo__descricao": "Requerimento", "autoria": "Rodrigo Eric Pereira Teixeira", "texto_original": "http://sapl.palmeirais.pi.leg.br/media/sapl/public/materialegislativa/2019/424/requerimento_n-_26.2019.pdf", "ementa": "Solicitar do senhor Prefeito Municipal provid\u00eancias no sentido de que seja autorizado a regulariza\u00e7\u00e3o da Ilumina\u00e7\u00e3o P\u00fablica no Bairro Bacuri na sede de nosso Munic\u00edpio"}, {"id": "425", "ano": "2019", "numero": "27", "tipo__sigla": "REQ", "tipo__descricao": "Requerimento", "autoria": "Rodrigo Eric Pereira Teixeira", "texto_original": "http://sapl.palmeirais.pi.leg.br/media/sapl/public/materialegislativa/2019/425/requerimento_n-_27.2019.pdf", "ementa": "Solicitar do senhor Prefeito Municipal provid\u00eancias no sentido de que seja autorizado a recupera\u00e7\u00e3o da rede de \u00e1gua da Pra\u00e7a Matriz de nossa cidade"}, {"id": "426", "ano": "2019", "numero": "28", "tipo__sigla": "REQ", "tipo__descricao": "Requerimento", "autoria": "Genivaldo da Silva Grangeiro", "texto_original": "http://sapl.palmeirais.pi.leg.br/media/sapl/public/materialegislativa/2019/426/requerimento_n-_28.2019.pdf", "ementa": "Requerer que seja encaminhado expediente ao Exmo. Sr. Prefeito Municipal, solicitando provid\u00eancias para que seja revitalizada a Ponte Molhada interligando os bairros pedra da luz e\r\nBacuri."}, {"id": "427", "ano": "2019", "numero": "29", "tipo__sigla": "REQ", "tipo__descricao": "Requerimento", "autoria": "Genivaldo da Silva Grangeiro", "texto_original": "http://sapl.palmeirais.pi.leg.br/media/sapl/public/materialegislativa/2019/427/requerimento_n-_29.2019.pdf", "ementa": "solicita providencias para que seja instalada ilumina\u00e7\u00e3o p\u00fablicas em todas as comunidades do munic\u00edpio de Palmeirais que ainda n\u00e3o s\u00e3o assistidas"}, {"id": "428", "ano": "2019", "numero": "30", "tipo__sigla": "REQ", "tipo__descricao": "Requerimento", "autoria": "Ver. Danny Almeida", "texto_original": "http://sapl.palmeirais.pi.leg.br/media/sapl/public/materialegislativa/2019/428/requerimento_n-_30.2019.pdf", "ementa": "Solicita que seja encaminha do expediente ao Excelent\u00edssimo Senhor Prefeito Reginaldo Soares Veloso Junior, que seja feito um projeto de ilumina\u00e7\u00e3o nas ruas do povoado\r\nBrejinho, como tamb\u00e9m a implanta\u00e7\u00e3o de calcamento nas mesmas."}, {"id": "429", "ano": "2019", "numero": "31", "tipo__sigla": "REQ", "tipo__descricao": "Requerimento", "autoria": "Rodrigo Eric Pereira Teixeira", "texto_original": "http://sapl.palmeirais.pi.leg.br/media/sapl/public/materialegislativa/2019/429/requerimento_n-_31.2019.pdf", "ementa": "Solicitar do senhor Presidente do Tribunal de Contas do Estado - TCE/PI, a rela\u00e7\u00e3o nominal dos servidores do QUADRO EFETIVO da Prefeitura Municipal de Palmeirais cadastrados no\r\nSistema RH WEB at\u00e9 a presente data"}, {"id": "430", "ano": "2019", "numero": "32", "tipo__sigla": "REQ", "tipo__descricao": "Requerimento", "autoria": "", "texto_original": "http://sapl.palmeirais.pi.leg.br/media/sapl/public/materialegislativa/2019/430/requerimento_n-_32.2019.pdf", "ementa": "Requerer que seja encaminhado expediente ao Exmo. Sr Prefeito Municipal, solicitando limpeza das ruas do Bairro Mucambo"}, {"id": "431", "ano": "2019", "numero": "33", "tipo__sigla": "REQ", "tipo__descricao": "Requerimento", "autoria": "Rodrigo Eric Pereira Teixeira", "texto_original": "http://sapl.palmeirais.pi.leg.br/media/sapl/public/materialegislativa/2019/431/requerimento_n-_33.2019.pdf", "ementa": "Solicitar do senhor Diretor Presidente da AGESPISA que seja autorizado a conclus\u00e3o da obra referente ao po\u00e7o tubular j\u00e1 perfurado no \"bairro campo do Palmeiras\", na sede do\r\nMunic\u00edpio"}, {"id": "432", "ano": "2019", "numero": "34", "tipo__sigla": "REQ", "tipo__descricao": "Requerimento", "autoria": "Genivaldo da Silva Grangeiro", "texto_original": "http://sapl.palmeirais.pi.leg.br/media/sapl/public/materialegislativa/2019/432/requerimento_n-_34.2019.pdf", "ementa": "Solicitar do senhor Presidente da Funda\u00e7\u00e3o dos Esportes do Piau\u00ed (Fundespi) provid\u00eancias no sentido que seja viabilizado a recupera\u00e7\u00e3o do Est\u00e1dio de Futebol \"RUFIN\u00c3O\" na sede de\r\nnosso Munic\u00edpio."}, {"id": "433", "ano": "2019", "numero": "35", "tipo__sigla": "REQ", "tipo__descricao": "Requerimento", "autoria": "", "texto_original": "http://sapl.palmeirais.pi.leg.br/media/sapl/public/materialegislativa/2019/433/requerimento_n-_35.2019.pdf", "ementa": "Requerer que seja encaminhado expediente ao senhor Secret\u00e1rio de Seguran\u00e7a do Estado solicitando a Recupera\u00e7\u00e3o da Delegacia no Munic\u00edpio e o aumento do Efetivo de policiais"}, {"id": "439", "ano": "2019", "numero": "41", "tipo__sigla": "REQ", "tipo__descricao": "Requerimento", "autoria": "Rodrigo Eric Pereira Teixeira", "texto_original": "http://sapl.palmeirais.pi.leg.br/media/sapl/public/materialegislativa/2019/439/requerimento_n-_41.2019.pdf", "ementa": "solicitar do senhor Prefeito Municipal provid\u00eancias no sentido de que seja regularizado o fornecimento de Merenda Escolar nas Unidades de Ensino da Rede Municipal"}, {"id": "440", "ano": "2019", "numero": "42", "tipo__sigla": "REQ", "tipo__descricao": "Requerimento", "autoria": "Rodrigo Eric Pereira Teixeira", "texto_original": "http://sapl.palmeirais.pi.leg.br/media/sapl/public/materialegislativa/2019/440/requerimento_n-_42.2019.pdf", "ementa": "Requerer da senhora Secret\u00e1ria Municipal de Educa\u00e7\u00e3o o envio a este Poder, c\u00f3pia dos card\u00e1pios da Merenda Escolar que foram enviados as Escolas e Creches da Rede Municipal de Ensino neste ano letivo at\u00e9 a data de 14.06.2019"}, {"id": "441", "ano": "2019", "numero": "43", "tipo__sigla": "REQ", "tipo__descricao": "Requerimento", "autoria": "Rodrigo Eric Pereira Teixeira", "texto_original": "http://sapl.palmeirais.pi.leg.br/media/sapl/public/materialegislativa/2019/441/requerimento_n-_43.2019.pdf", "ementa": "Solicitar do senhor Prefeito Municipal provid\u00eancias no sentido que seja viabilizado a desapropria\u00e7\u00e3o do Pr\u00e9dio da CNEC onde por muitos anos funcionou o nosso GIN\u00c1SIO e depois o Curso Pedag\u00f3gico"}, {"id": "442", "ano": "2019", "numero": "44", "tipo__sigla": "REQ", "tipo__descricao": "Requerimento", "autoria": "", "texto_original": "http://sapl.palmeirais.pi.leg.br/media/sapl/public/materialegislativa/2019/442/requerimento_n-_44.2019.pdf", "ementa": "requerer que seja encaminhado expediente a Exmo. Senhor Prefeito Municipal, solicitando do mesmo, provid\u00eancias no sentido de que seja autorizado a recupera\u00e7\u00e3o de trechos de cal\u00e7amentos na cidade"}, {"id": "443", "ano": "2019", "numero": "45", "tipo__sigla": "REQ", "tipo__descricao": "Requerimento", "autoria": "", "texto_original": "http://sapl.palmeirais.pi.leg.br/media/sapl/public/materialegislativa/2019/443/requerimento_n-_45.2019.pdf", "ementa": "Requerer que seja solicitado do senhor Diretor do DER em Teresina a constru\u00e7\u00e3o de um QUEBRA MOLA em frente ao Posto de Sa\u00fade da comunidade Castelo na PI-130, trecho PALMEIRAIS/AMARANTE"}, {"id": "444", "ano": "2019", "numero": "46", "tipo__sigla": "REQ", "tipo__descricao": "Requerimento", "autoria": "", "texto_original": "http://sapl.palmeirais.pi.leg.br/media/sapl/public/materialegislativa/2019/444/requerimento_n-_46.2019.pdf", "ementa": "Requerer que seja solicitado do senhor Prefeito Municipal provid\u00eancias no sentido de que seja autorizado a organiza\u00e7\u00e3o do tr\u00e1fego e estacionamento na \u00e1rea central da cidade com inclusive a delimita\u00e7\u00e3o de \u00e1reas especificas para o Moto Taxistas"}, {"id": "445", "ano": "2019", "numero": "47", "tipo__sigla": "REQ", "tipo__descricao": "Requerimento", "autoria": "Genivaldo da Silva Grangeiro", "texto_original": "http://sapl.palmeirais.pi.leg.br/media/sapl/public/materialegislativa/2019/445/requerimento_n-_47.2019.pdf", "ementa": "Requerer que seja solicitado do senhor Prefeito Municipal provid\u00eancias no sentido de que seja autorizado a recupera\u00e7\u00e3o do Matadouro P\u00fablico no Bairro Santa Rosa"}, {"id": "446", "ano": "2019", "numero": "48", "tipo__sigla": "REQ", "tipo__descricao": "Requerimento", "autoria": "Josivaldo Macedo Moura", "texto_original": "http://sapl.palmeirais.pi.leg.br/media/sapl/public/materialegislativa/2019/446/requerimento_n-_48.2019.pdf", "ementa": "requerer que seja solicitado do senhor Diretor do DER Teresina a constru\u00e7\u00e3o de um QUEBRA MOLA em frente a Igreja da comunidade Barroca Funda na PI-130, trecho PALMEIRAIS/AMARANTE"}, {"id": "447", "ano": "2019", "numero": "49", "tipo__sigla": "REQ", "tipo__descricao": "Requerimento", "autoria": "Rodrigo Eric Pereira Teixeira", "texto_original": "http://sapl.palmeirais.pi.leg.br/media/sapl/public/materialegislativa/2019/447/requerimento_n-_49.2019.pdf", "ementa": "REQUERER do senhor Prefeito Municipal provid\u00eancias no sendo de que sejam definidas localiza\u00e7\u00f5es de \u00e1reas para constru\u00e7\u00e3o de tr\u00eas academias populares sendo: uma no Bairro Bacuri em frente a Unidade Escolar OSANDY TEIXEIRA, uma nas proximidades da Rodovi\u00e1ria e outra na pra\u00e7a AGENOR BARBOSA DE ALMEIDA"}, {"id": "448", "ano": "2019", "numero": "50", "tipo__sigla": "REQ", "tipo__descricao": "Requerimento", "autoria": "", "texto_original": "http://sapl.palmeirais.pi.leg.br/media/sapl/public/materialegislativa/2019/448/requerimento_n-_50.2019.pdf", "ementa": "requerer do senhor Prefeito Municipal autoriza\u00e7\u00e3o para que seja encaminhado para a C\u00e2mara Municipal c\u00f3pia do Projeto de Reforma do Hospital de nossa cidade"}, {"id": "449", "ano": "2019", "numero": "51", "tipo__sigla": "REQ", "tipo__descricao": "Requerimento", "autoria": "Quintino Nunes da Silva", "texto_original": "http://sapl.palmeirais.pi.leg.br/media/sapl/public/materialegislativa/2019/449/requerimento_n-_51.2019.pdf", "ementa": "requerer que seja encaminhado ao limo. Senhor Prefeito Municipal de Palmeirais, solicitando providencias no sentido de que seja reformado\r\n0 pr\u00e9dio do mercado p\u00fablico na sede da cidade"}, {"id": "450", "ano": "2019", "numero": "52", "tipo__sigla": "REQ", "tipo__descricao": "Requerimento", "autoria": "Quintino Nunes da Silva", "texto_original": "http://sapl.palmeirais.pi.leg.br/media/sapl/public/materialegislativa/2019/450/requerimento_n-_52.2019.pdf", "ementa": "requerer que seja encaminhado ao limo. Senhor Prefeito Municipal de Palmeirais, solicitando providencias no sentido de que seja reformado\r\no galp\u00e3o da feira livre no centro da cidade"}, {"id": "451", "ano": "2019", "numero": "53", "tipo__sigla": "REQ", "tipo__descricao": "Requerimento", "autoria": "Rodrigo Eric Pereira Teixeira", "texto_original": "http://sapl.palmeirais.pi.leg.br/media/sapl/public/materialegislativa/2019/451/requerimento_n-_53.2019.pdf", "ementa": "Requerer do senhor Prefeito Municipal, provid\u00eancias no sentido de que seja procedido a arrecada\u00e7\u00e3o pelo Munic\u00edpio os im\u00f3veis PR\u00c9DIO DA CNEC e o\r\nPR\u00c9DIO DA CEPISA localizados na cidade"}, {"id": "452", "ano": "2019", "numero": "54", "tipo__sigla": "REQ", "tipo__descricao": "Requerimento", "autoria": "Joaquim Viana de Sousa", "texto_original": "http://sapl.palmeirais.pi.leg.br/media/sapl/public/materialegislativa/2019/452/requerimento_n-_54.2019.pdf", "ementa": "Requerer que seja encaminhado expediente ao Exmo. Sr. Prefeito Municipal, solicitando providencias para reforma e amplia\u00e7\u00e3o do posto de sa\u00fade do Povoado S\u00e3o Joaquim neste munic\u00edpio"}, {"id": "453", "ano": "2019", "numero": "55", "tipo__sigla": "REQ", "tipo__descricao": "Requerimento", "autoria": "Joaquim Viana de Sousa", "texto_original": "http://sapl.palmeirais.pi.leg.br/media/sapl/public/materialegislativa/2019/453/requerimento_n-_55.2019.pdf", "ementa": "Requerer que seja encaminhado expediente ao Exmo. Sr. Prefeito Municipal, solicitando providencias para que seja reformada a estrada vicinal ligando a PI 130 passando pelas Localidades Buritizinho, Saco do Permino at\u00e9 o Assentamento \u00c1gua Branca neste Munic\u00edpio"}, {"id": "454", "ano": "2019", "numero": "56", "tipo__sigla": "REQ", "tipo__descricao": "Requerimento", "autoria": "Rodrigo Eric Pereira Teixeira", "texto_original": "http://sapl.palmeirais.pi.leg.br/media/sapl/public/materialegislativa/2019/454/requerimento_n-_56.2019.pdf", "ementa": "requerer do senhor Presidente do Tribunal de Contas do Estado - TCE autoriza\u00e7\u00e3o no sentido de que seja encaminhado a este Poder c\u00f3pias do Planos de Aplica\u00e7\u00e3o dos recursos do precat\u00f3rio do Fundef apresentados pelos Gestores do Munic\u00edpio em 2016 e 2017 em cumprimento a determina\u00e7\u00e3o do citado Tribunal"}, {"id": "455", "ano": "2019", "numero": "57", "tipo__sigla": "REQ", "tipo__descricao": "Requerimento", "autoria": "", "texto_original": "http://sapl.palmeirais.pi.leg.br/media/sapl/public/materialegislativa/2019/455/requerimento_n-_57.2019.pdf", "ementa": "Requerer que seja encaminha a ele a rela\u00e7\u00e3o de todos os funcion\u00e1rios da c\u00e2mara com seus cargos e seus hor\u00e1rios de trabalho"}, {"id": "456", "ano": "2019", "numero": "58", "tipo__sigla": "REQ", "tipo__descricao": "Requerimento", "autoria": "Danny de Almeida Cavalcante", "texto_original": "http://sapl.palmeirais.pi.leg.br/media/sapl/public/materialegislativa/2019/456/requerimento_n-_58.2019.pdf", "ementa": "Requerer que seja encaminha do expediente ao Excelent\u00edssimo Senhor Prefeito Reginaldo Soares Veloso Junior, que seja disponibilizado o caminh\u00e3o pipa para que pudesse molhar o local dos festejos do povoado Riacho dos Negros nos dias 28 (Vinte e Oito) de setembro e 05 (cinco) de outubro."}, {"id": "457", "ano": "2019", "numero": "59", "tipo__sigla": "REQ", "tipo__descricao": "Requerimento", "autoria": "Rodrigo Eric Pereira Teixeira", "texto_original": "http://sapl.palmeirais.pi.leg.br/media/sapl/public/materialegislativa/2019/457/requerimento_n-_59.2019.pdf", "ementa": "Requerer do senhor Presidente do Tribunal de Contas do Estado - TCE autoriza\u00e7\u00e3o no sentido de que seja encaminhado a este Poder c\u00f3pias do Planos de Aplica\u00e7\u00e3o dos recursos do precat\u00f3rio do Fundef apresentados pelos Gestores do Munic\u00edpio em 2016 e 2017 em cumprimento a determina\u00e7\u00e3o do citado Tribunal."}, {"id": "458", "ano": "2019", "numero": "60", "tipo__sigla": "REQ", "tipo__descricao": "Requerimento", "autoria": "Rodrigo Eric Pereira Teixeira", "texto_original": "http://sapl.palmeirais.pi.leg.br/media/sapl/public/materialegislativa/2019/458/requerimento_n-_60.2019.pdf", "ementa": "Requerer a realiza\u00e7\u00e3o de Audi\u00eancia P\u00fablica tendo como Tema: \"A Atual Situa\u00e7\u00e3o Administrativa e Financeira do Munic\u00edpio"}, {"id": "459", "ano": "2019", "numero": "61", "tipo__sigla": "REQ", "tipo__descricao": "Requerimento", "autoria": "Danny de Almeida Cavalcante", "texto_original": "http://sapl.palmeirais.pi.leg.br/media/sapl/public/materialegislativa/2019/459/requerimento_n-_61.2019.pdf", "ementa": "Requerer que seja encaminha do expediente ao Excelent\u00edssimo Senhor Prefeito Reginaldo Soares Veloso Junior, que seja feito todos os levantamentos dos d\u00e9bitos de prefeitura a descri\u00e7\u00e3o e o per\u00edodo aquisi\u00e7\u00e3o e a descrimina\u00e7\u00e3o e valor atualizado dos d\u00e9bitos"}, {"id": "460", "ano": "2019", "numero": "62", "tipo__sigla": "REQ", "tipo__descricao": "Requerimento", "autoria": "Danny de Almeida Cavalcante", "texto_original": "http://sapl.palmeirais.pi.leg.br/media/sapl/public/materialegislativa/2019/460/requerimento_n-_62.2019.pdf", "ementa": "Requerer que seja encaminha do expediente ao Excelent\u00edssimo Senhor Prefeito Reginaldo Soares Veloso Junior, que seja criada para o ano de 2020 o primeiro circuito municipal de vaquejada"}, {"id": "461", "ano": "2019", "numero": "63", "tipo__sigla": "REQ", "tipo__descricao": "Requerimento", "autoria": "Rodrigo Eric Pereira Teixeira", "texto_original": "http://sapl.palmeirais.pi.leg.br/media/sapl/public/materialegislativa/2019/461/requerimento_n-_63.2019.pdf", "ementa": "Requer a autoriza\u00e7\u00e3o desse poder para a realiza\u00e7\u00e3o de uma audi\u00eancia p\u00fablica com o objetivo de discutir a situa\u00e7\u00e3o da Comarca de Palmeirais tendo em vista a AGREGA\u00c7\u00c3O \u00e0 Comarca de Amarante - PI"}, {"id": "462", "ano": "2019", "numero": "64", "tipo__sigla": "REQ", "tipo__descricao": "Requerimento", "autoria": "Danny de Almeida Cavalcante", "texto_original": "http://sapl.palmeirais.pi.leg.br/media/sapl/public/materialegislativa/2019/462/requerimento_n-_64.2019.pdf", "ementa": "Requerer que seja encaminha do expediente ao Excelent\u00edssimo Senhor Prefeito Reginaldo Soares Veloso Junior, e para o presidente da Agespisa o senhor Genival Brito de Carvalho, para que sejam informada para essa casa todos os po\u00e7os p\u00fablicos sejam eles municipais ou estaduais, que est\u00e3o em nosso munic\u00edpio"}, {"id": "463", "ano": "2019", "numero": "65", "tipo__sigla": "REQ", "tipo__descricao": "Requerimento", "autoria": "Danny de Almeida Cavalcante", "texto_original": "http://sapl.palmeirais.pi.leg.br/media/sapl/public/materialegislativa/2019/463/requerimento_n-_65.2019.pdf", "ementa": "Requerer que seja encaminha do expediente ao Excelent\u00edssimo Senhor Prefeito Reginaldo Soares Veloso Junior e ao Excelent\u00edssimo Senhor Presidente da empresa Equatorial Raimundo nonato Alencar de Castro, que seja feito todo o levantamento e v\u00ea as condi\u00e7\u00f5es se \u00e9 ou n\u00e3o poss\u00edvel ser feita as instala\u00e7\u00f5es dos splits de 24.000 Btus que se encontram na escola Presidente Castelo Branco, na localidade S\u00e3o Joaquim"}]}