{"id":73,"__str__":"Projeto de Decreto Legislativo n\u00ba 3 de 2012","link_detail_backend":"/materia/73","metadata":{},"numero":3,"ano":2012,"numero_protocolo":0,"data_apresentacao":"2012-10-27","tipo_apresentacao":"","data_publicacao":null,"numero_origem_externa":"","ano_origem_externa":null,"data_origem_externa":null,"apelido":"","dias_prazo":null,"data_fim_prazo":null,"em_tramitacao":true,"polemica":null,"objeto":"","complementar":null,"ementa":"DISP\u00d5E SOBRE A ADO\u00c7\u00c3O OBRIGAT\u00d3RIA PELOS PODERES \u00d3RG\u00c3OS E ENTIDADES DA ADMINISTRA\u00c7\u00c3O DIRETA E INDIRETA DA C\u00c2MARA DE PALMEIRAIS/PI, DO PLANO DE CONTAS, DAS DEMONSTRA\u00c7\u00d5ES CONT\u00c1BEIS APLICADAS AO SETOR P\u00daBLICO E DOS PROCEDIMENTOS CONT\u00c1BEIS PATRIMONIAIS E ESPEC\u00cdFICOS, A QUE SE REFERE \u00c0 PORTARIA STN N.OS 406/2011 E ALTERA\u00c7\u00d5ES POSTERIORES\r\nATRAV\u00c9S DAS PORTARIAS STN N\u00ba 828/2011 E 231/2012, DEFINE CRONOGRAMA DE IMPLEMENTA\u00c7\u00c3O E D\u00c1 OUTRAS PROVID\u00caNCIAS.","indexacao":"","observacao":"","resultado":"","texto_original":"http://sapl.palmeirais.pi.leg.br/media/sapl/public/materialegislativa/2012/73/73_texto_integral.pdf","data_ultima_atualizacao":"2018-10-11T12:00:53.289106-03:00","ip":"","ultima_edicao":null,"tipo":6,"regime_tramitacao":1,"tipo_origem_externa":null,"local_origem_externa":null,"user":null,"anexadas":[],"autores":[]}