{"id":71,"__str__":"Projeto de Lei Ordin\u00e1ria n\u00ba 4 de 2012","link_detail_backend":"/materia/71","metadata":{},"numero":4,"ano":2012,"numero_protocolo":0,"data_apresentacao":"2012-09-22","tipo_apresentacao":"E","data_publicacao":null,"numero_origem_externa":"","ano_origem_externa":null,"data_origem_externa":null,"apelido":"","dias_prazo":null,"data_fim_prazo":null,"em_tramitacao":true,"polemica":false,"objeto":"","complementar":false,"ementa":"DISP\u00d5E SOBRE A FIXA\u00c7\u00c3O DOS SUBS\u00cdDIOS DOS AGENTES POL\u00cdTICOS DO PODER EXECUTIVO MUNICIPAL DE PALMEIRAIS, PARA A LEGISLATURA DE 2013 A 2016, NOS TERMOS DO ART. 29, INCISO V, DA CONSTITUI\u00c7\u00c3O FEDERAL, DO ART.21, PARAGRAFO \u00daNICO, DA LEI N\u00ba 101/2000 (LRF) E LEI ORG\u00c2NICA MUNICIPAL, E D\u00c1 OUTRAS PROVID\u00caNCIAS.","indexacao":"","observacao":"","resultado":"","texto_original":"http://sapl.palmeirais.pi.leg.br/media/sapl/public/materialegislativa/2012/71/71_texto_integral.pdf","data_ultima_atualizacao":"2018-10-11T12:00:53.305893-03:00","ip":"","ultima_edicao":null,"tipo":1,"regime_tramitacao":1,"tipo_origem_externa":null,"local_origem_externa":null,"user":null,"anexadas":[],"autores":[]}