{"id":461,"__str__":"Requerimento n\u00ba 63 de 2019","link_detail_backend":"/materia/461","metadata":{},"numero":63,"ano":2019,"numero_protocolo":null,"data_apresentacao":"2019-11-15","tipo_apresentacao":"E","data_publicacao":null,"numero_origem_externa":"","ano_origem_externa":null,"data_origem_externa":null,"apelido":"","dias_prazo":null,"data_fim_prazo":null,"em_tramitacao":false,"polemica":null,"objeto":"","complementar":null,"ementa":"Requer a autoriza\u00e7\u00e3o desse poder para a realiza\u00e7\u00e3o de uma audi\u00eancia p\u00fablica com o objetivo de discutir a situa\u00e7\u00e3o da Comarca de Palmeirais tendo em vista a AGREGA\u00c7\u00c3O \u00e0 Comarca de Amarante - PI","indexacao":"","observacao":"","resultado":"","texto_original":"http://sapl.palmeirais.pi.leg.br/media/sapl/public/materialegislativa/2019/461/requerimento_n-_63.2019.pdf","data_ultima_atualizacao":"2019-12-11T13:46:10.248191-03:00","ip":"138.118.42.76","ultima_edicao":null,"tipo":3,"regime_tramitacao":1,"tipo_origem_externa":null,"local_origem_externa":null,"user":23,"anexadas":[],"autores":[173]}