{"id":404,"__str__":"Requerimento n\u00ba 6 de 2019","link_detail_backend":"/materia/404","metadata":{},"numero":6,"ano":2019,"numero_protocolo":null,"data_apresentacao":"2019-02-22","tipo_apresentacao":"E","data_publicacao":null,"numero_origem_externa":"","ano_origem_externa":null,"data_origem_externa":null,"apelido":"","dias_prazo":null,"data_fim_prazo":null,"em_tramitacao":false,"polemica":null,"objeto":"","complementar":null,"ementa":"Requerer que seja encaminhada expediente a sua Excel\u00eancia o presidente do Tribunal de Justi\u00e7a do Estado do Piau\u00ed (TJ-PI), desembargador Sebasti\u00e3o Ribeiro Martins solicitando\r\nencarecidamente que seja evitado a agrega\u00e7\u00e3o de nossa Comarca de Palmeirais a de\r\nAmarante","indexacao":"","observacao":"","resultado":"","texto_original":"http://sapl.palmeirais.pi.leg.br/media/sapl/public/materialegislativa/2019/404/requerimento_n-_06.2019.pdf","data_ultima_atualizacao":"2019-04-04T18:51:08.928851-03:00","ip":"","ultima_edicao":null,"tipo":3,"regime_tramitacao":1,"tipo_origem_externa":null,"local_origem_externa":null,"user":null,"anexadas":[],"autores":[]}