{"id":403,"__str__":"Requerimento n\u00ba 5 de 2019","link_detail_backend":"/materia/403","metadata":{},"numero":5,"ano":2019,"numero_protocolo":null,"data_apresentacao":"2019-02-22","tipo_apresentacao":"E","data_publicacao":null,"numero_origem_externa":"","ano_origem_externa":null,"data_origem_externa":null,"apelido":"","dias_prazo":null,"data_fim_prazo":null,"em_tramitacao":false,"polemica":null,"objeto":"","complementar":null,"ementa":"requerer a convoca\u00e7\u00e3o da Secret\u00e1ria Municipal de Educa\u00e7\u00e3o para discuss\u00e3o do Processo\r\nde nuclea\u00e7\u00e3o de Unidades de Ensino da Rede Municipal no Plen\u00e1rio da C\u00e2mara Municipal","indexacao":"","observacao":"","resultado":"","texto_original":"http://sapl.palmeirais.pi.leg.br/media/sapl/public/materialegislativa/2019/403/requerimento_n-_05.2019.pdf","data_ultima_atualizacao":"2019-04-04T18:49:37.811002-03:00","ip":"","ultima_edicao":null,"tipo":3,"regime_tramitacao":1,"tipo_origem_externa":null,"local_origem_externa":null,"user":null,"anexadas":[],"autores":[173]}