{"id":380,"__str__":"Projeto de Decreto Legislativo n\u00ba 2 de 2017","link_detail_backend":"/materia/380","metadata":{},"numero":2,"ano":2017,"numero_protocolo":null,"data_apresentacao":"2017-07-07","tipo_apresentacao":"E","data_publicacao":null,"numero_origem_externa":"","ano_origem_externa":null,"data_origem_externa":null,"apelido":"","dias_prazo":null,"data_fim_prazo":null,"em_tramitacao":false,"polemica":null,"objeto":"","complementar":null,"ementa":"Disp\u00f5e sobre a manuten\u00e7\u00e3o do PARECER PR\u00c9VIO N\u00ba 231/2016 do egr\u00e9gio Tribunal de Contas do Estado do Piau\u00ed referente \u00e0s Contas de Governo da Prefeitura de\r\nPalmeirais, referente ao exerc\u00edcio de 2012, per\u00edodo de 14/07/12 a 09/08/2012, de responsabilidade do Ex-Prefeito, J\u00e2nio C\u00e9sar Nunes da Silva","indexacao":"","observacao":"","resultado":"","texto_original":"http://sapl.palmeirais.pi.leg.br/media/sapl/public/materialegislativa/2017/380/projeto_de_decreto_legislativo_no-_02-2017.pdf","data_ultima_atualizacao":"2018-10-22T18:37:54.139156-03:00","ip":"","ultima_edicao":null,"tipo":6,"regime_tramitacao":1,"tipo_origem_externa":null,"local_origem_externa":null,"user":null,"anexadas":[],"autores":[]}