{"id":361,"__str__":"Projeto de Decreto Legislativo n\u00ba 1 de 2017","link_detail_backend":"/materia/361","metadata":{},"numero":1,"ano":2017,"numero_protocolo":117,"data_apresentacao":"2017-07-07","tipo_apresentacao":"E","data_publicacao":null,"numero_origem_externa":"","ano_origem_externa":null,"data_origem_externa":null,"apelido":"","dias_prazo":null,"data_fim_prazo":null,"em_tramitacao":false,"polemica":null,"objeto":"","complementar":null,"ementa":"DISP\u00d5E SOBRE A MANUTEN\u00c7\u00c3O DO PARECER PR\u00c9VIO N\u00ba230/2016 DO EGR\u00c9GIO TRIBUNAL DE CONTAS DO ESTADO DO PIAU\u00cd REFERENTE \u00c1S CONTAS DE GOVERNO DA PREFEITURA DE PALMEIRAIS, REFERENTE AO EXERC\u00cdCIO DE 2012 PER\u00cdODOS DE 01/01/12 A 13/07/2012 E DE 10/08/12 A 31/12/2012, DE RESPONSABILIDADE DO EX-PREFEITO, M\u00c1RCIO SOARES TEIXEIRA.","indexacao":"","observacao":"","resultado":"","texto_original":"http://sapl.palmeirais.pi.leg.br/media/sapl/public/materialegislativa/2017/361/361_texto_integral.pdf","data_ultima_atualizacao":"2018-10-11T12:00:53.279672-03:00","ip":"","ultima_edicao":null,"tipo":6,"regime_tramitacao":1,"tipo_origem_externa":null,"local_origem_externa":null,"user":null,"anexadas":[],"autores":[211]}